{"id":228,"date":"2020-11-20T09:30:49","date_gmt":"2020-11-20T09:30:49","guid":{"rendered":"https:\/\/qi76.qodeinteractive.com\/?p=228"},"modified":"2025-03-09T16:22:56","modified_gmt":"2025-03-09T16:22:56","slug":"baime-ir-prielipos","status":"publish","type":"post","link":"https:\/\/vilmalight.lt\/en\/baime-ir-prielipos\/","title":{"rendered":"Fear is not just a shadow, it's a motivator"},"content":{"rendered":"<div data-elementor-type=\"wp-post\" data-elementor-id=\"228\" class=\"elementor elementor-228\" data-elementor-post-type=\"post\">\n\t\t\t\t\t\t<section class=\"elementor-section elementor-top-section elementor-element elementor-element-bff757a elementor-section-boxed elementor-section-height-default elementor-section-height-default qodef-elementor-content-no\" data-id=\"bff757a\" data-element_type=\"section\">\n\t\t\t\t\t\t<div class=\"elementor-container elementor-column-gap-default\">\n\t\t\t\t\t<div class=\"elementor-column elementor-col-100 elementor-top-column elementor-element elementor-element-ca487ab\" data-id=\"ca487ab\" data-element_type=\"column\" data-settings=\"{&quot;background_background&quot;:&quot;classic&quot;}\">\n\t\t\t<div class=\"elementor-widget-wrap elementor-element-populated\">\n\t\t\t\t\t\t<div class=\"elementor-element elementor-element-cfcbac5 elementor-widget elementor-widget-qi_addons_for_elementor_section_title\" data-id=\"cfcbac5\" data-element_type=\"widget\" data-widget_type=\"qi_addons_for_elementor_section_title.default\">\n\t\t\t\t<div class=\"elementor-widget-container\">\n\t\t\t\t\t<div class=\"qodef-shortcode qodef-m qodef-qi-section-title qodef-decoration--italic qodef-link--underline-draw qodef-subtitle-icon--left\">\n\t\t\t\t\t\t\t\t<\/div>\n\t\t\t\t<\/div>\n\t\t\t\t<\/div>\n\t\t\t\t\t<\/div>\n\t\t<\/div>\n\t\t\t\t\t<\/div>\n\t\t<\/section>\n\t\t\t\t<section class=\"elementor-section elementor-top-section elementor-element elementor-element-dd80945 elementor-section-full_width elementor-section-height-default elementor-section-height-default qodef-elementor-content-no\" data-id=\"dd80945\" data-element_type=\"section\">\n\t\t\t\t\t\t<div class=\"elementor-container elementor-column-gap-no\">\n\t\t\t\t\t<div class=\"elementor-column elementor-col-100 elementor-top-column elementor-element elementor-element-a155ee9\" data-id=\"a155ee9\" data-element_type=\"column\">\n\t\t\t<div class=\"elementor-widget-wrap elementor-element-populated\">\n\t\t\t\t\t\t<div class=\"elementor-element elementor-element-5dac384 elementor-widget elementor-widget-text-editor\" data-id=\"5dac384\" data-element_type=\"widget\" data-widget_type=\"text-editor.default\">\n\t\t\t\t<div class=\"elementor-widget-container\">\n\t\t\t\t\t\t\t\t\t<p><span style=\"font-weight: 400;\">Have you ever wondered why we fear? Fear is often perceived as a negative emotion, but it is, in fact, one of the key driving forces behind human progress.<\/span><\/p>\t\t\t\t\t\t\t\t<\/div>\n\t\t\t\t<\/div>\n\t\t\t\t\t<\/div>\n\t\t<\/div>\n\t\t\t\t\t<\/div>\n\t\t<\/section>\n\t\t\t\t<section class=\"elementor-section elementor-top-section elementor-element elementor-element-4dd2523 elementor-section-full_width elementor-section-height-default elementor-section-height-default qodef-elementor-content-no\" data-id=\"4dd2523\" data-element_type=\"section\">\n\t\t\t\t\t\t<div class=\"elementor-container elementor-column-gap-no\">\n\t\t\t\t\t<div class=\"elementor-column elementor-col-100 elementor-top-column elementor-element elementor-element-96ec0ee\" data-id=\"96ec0ee\" data-element_type=\"column\">\n\t\t\t<div class=\"elementor-widget-wrap elementor-element-populated\">\n\t\t\t\t\t\t<div class=\"elementor-element elementor-element-b42d86d elementor-widget elementor-widget-text-editor\" data-id=\"b42d86d\" data-element_type=\"widget\" data-widget_type=\"text-editor.default\">\n\t\t\t\t<div class=\"elementor-widget-container\">\n\t\t\t\t\t\t\t\t\t<p><b>The essence of fear<\/b><\/p><p><span style=\"font-weight: 400;\">Fear pushes us forward, urging us to find solutions and grow. The flip side of fear is love. If fear symbolizes grey colour, darkness or shadows, love represents light and golden energy. These two forces coexist, creating balance in our lives.<\/span><\/p><p><span style=\"font-weight: 400;\">However, fear often takes over our choices, especially in relationships with others. Expectations, reproaches, and control are subtle forms of fear rooted in our dread of losing love, support, or approval from others.<\/span><\/p><p><span style=\"font-weight: 400;\">\u00a0<\/span><\/p><p><b>Fear manifests in various ways:<\/b><\/p><p><span style=\"font-weight: 400;\">Baim\u0117 gali pasireik\u0161ti \u012fvairiomis formomis:<\/span><\/p><ul><li style=\"font-weight: 400;\" aria-level=\"1\"><span style=\"font-weight: 400;\">Fear of death \u2013 the strongest fear, deeply rooted in our subconscious.<\/span><\/li><li style=\"font-weight: 400;\" aria-level=\"1\"><span style=\"font-weight: 400;\">Fear of losing loved ones \u2013 common during conflicts or relationship uncertainties.<\/span><\/li><li style=\"font-weight: 400;\" aria-level=\"1\"><span style=\"font-weight: 400;\">Fear of social exclusion \u2013 our innate need for acceptance by others.<\/span><\/li><li style=\"font-weight: 400;\" aria-level=\"1\"><span style=\"font-weight: 400;\">Imagined fears \u2013 more on this in the linked video: <\/span><strong><a href=\"https:\/\/vilmalight.lt\/en\/video-irasai\/\"><span style=\"text-decoration: underline;\"><i>video recordings<\/i><\/span><\/a><i><u>\u00a0<\/u><\/i><\/strong><\/li><li style=\"font-weight: 400;\" aria-level=\"1\">These fears are part of our instincts, originating from primitive times when belonging to a community was essential for survival.<\/li><\/ul><p><b>Fear and its impact on health<\/b><\/p><p><span style=\"font-weight: 400;\">Psychological tension caused by fear directly affects our bodies. Suppressed emotions can lead to physical symptoms, from headaches to severe illnesses such as depression or even cancer.<\/span><\/p><p><span style=\"font-weight: 400;\">A lack of love manifests as fear, which accumulates as \"grey energy\" in the body. This energy not only dampens moods but also causes diseases, blocks self-expression, and distorts life choices. That\u2019s why practices aimed at releasing fear and inviting love are so crucial.<\/span><\/p><p><span style=\"font-weight: 400;\">\u00a0<\/span><\/p><p><b>Transformation through love<\/b><\/p><p><span style=\"font-weight: 400;\">Fear is the shadow of love. By practicing conscious acceptance of love's energy, we can change our vibration and our lives.<\/span><\/p><p><span style=\"font-weight: 400;\">Unresolved fear can block our relationships, attract failures, or even lead to self-isolation. Yet, by learning to transform fear into love, we can shift our inner state and reshape our external reality.<\/span><\/p><p><span style=\"font-weight: 400;\">\u00a0<\/span><\/p><p><b>Invitation to practice<\/b><\/p><p><i><span style=\"font-weight: 400;\">The linked video offers a comprehensive lecture on fear and practices for transforming it. Discover new experiences\u2014achieve a lighter, more harmonious life full of love for yourself and others. Purchase and try it to see how your mood, perspective, and actions transform: <\/span><\/i><strong><span style=\"text-decoration: underline;\"><a href=\"https:\/\/vilmalight.lt\/en\/video-irasai\/\"><i>video recordings<\/i><\/a><\/span><\/strong><\/p>\t\t\t\t\t\t\t\t<\/div>\n\t\t\t\t<\/div>\n\t\t\t\t\t<\/div>\n\t\t<\/div>\n\t\t\t\t\t<\/div>\n\t\t<\/section>\n\t\t\t\t<\/div>","protected":false},"excerpt":{"rendered":"<p>Have you ever wondered why we fear? Fear is often perceived as a negative emotion, but it is, in fact, one of the key driving forces behind human progress.<\/p>","protected":false},"author":1,"featured_media":1402,"comment_status":"closed","ping_status":"closed","sticky":false,"template":"","format":"standard","meta":{"inline_featured_image":false,"footnotes":""},"categories":[12],"tags":[],"class_list":["post-228","post","type-post","status-publish","format-standard","has-post-thumbnail","hentry","category-nesustok-tobuleti"],"yoast_head":"<!-- This site is optimized with the Yoast SEO plugin v26.8 - https:\/\/yoast.com\/product\/yoast-seo-wordpress\/ -->\n<title>Baim\u0117 \u2013 ne tik \u0161e\u0161\u0117lis, bet ir motyvacija - Vilmalight<\/title>\n<meta name=\"robots\" content=\"index, follow, max-snippet:-1, max-image-preview:large, max-video-preview:-1\" \/>\n<link rel=\"canonical\" href=\"https:\/\/vilmalight.lt\/en\/baime-ir-prielipos\/\" \/>\n<meta property=\"og:locale\" content=\"en_US\" \/>\n<meta property=\"og:type\" content=\"article\" \/>\n<meta property=\"og:title\" content=\"Baim\u0117 \u2013 ne tik \u0161e\u0161\u0117lis, bet ir motyvacija - Vilmalight\" \/>\n<meta property=\"og:description\" content=\"Ar kada susim\u0105st\u0117te, kod\u0117l bijome? Baim\u0117 da\u017enai laikoma negatyviu jausmu, ta\u010diau i\u0161 ties\u0173 ji yra viena esmini\u0173 \u017emogaus progreso varom\u0173j\u0173 j\u0117g\u0173.\" \/>\n<meta property=\"og:url\" content=\"https:\/\/vilmalight.lt\/en\/baime-ir-prielipos\/\" \/>\n<meta property=\"og:site_name\" content=\"Vilmalight\" \/>\n<meta property=\"article:published_time\" content=\"2020-11-20T09:30:49+00:00\" \/>\n<meta property=\"article:modified_time\" content=\"2025-03-09T16:22:56+00:00\" \/>\n<meta property=\"og:image\" content=\"https:\/\/vilmalight.lt\/wp-content\/uploads\/2020\/11\/baime.png\" \/>\n\t<meta property=\"og:image:width\" content=\"826\" \/>\n\t<meta property=\"og:image:height\" content=\"1116\" \/>\n\t<meta property=\"og:image:type\" content=\"image\/png\" \/>\n<meta name=\"author\" content=\"vilma.zmakova\" \/>\n<meta name=\"twitter:card\" content=\"summary_large_image\" \/>\n<meta name=\"twitter:label1\" content=\"Written by\" \/>\n\t<meta name=\"twitter:data1\" content=\"vilma.zmakova\" \/>\n\t<meta name=\"twitter:label2\" content=\"Est. reading time\" \/>\n\t<meta name=\"twitter:data2\" content=\"2 minutes\" \/>\n<script type=\"application\/ld+json\" class=\"yoast-schema-graph\">{\"@context\":\"https:\/\/schema.org\",\"@graph\":[{\"@type\":\"Article\",\"@id\":\"https:\/\/vilmalight.lt\/baime-ir-prielipos\/#article\",\"isPartOf\":{\"@id\":\"https:\/\/vilmalight.lt\/baime-ir-prielipos\/\"},\"author\":{\"name\":\"vilma.zmakova\",\"@id\":\"https:\/\/vilmalight.lt\/#\/schema\/person\/a335e4c8fdcc641b6bf29b8a9d0eab58\"},\"headline\":\"Baim\u0117 \u2013 ne tik \u0161e\u0161\u0117lis, bet ir motyvacija\",\"datePublished\":\"2020-11-20T09:30:49+00:00\",\"dateModified\":\"2025-03-09T16:22:56+00:00\",\"mainEntityOfPage\":{\"@id\":\"https:\/\/vilmalight.lt\/baime-ir-prielipos\/\"},\"wordCount\":390,\"image\":{\"@id\":\"https:\/\/vilmalight.lt\/baime-ir-prielipos\/#primaryimage\"},\"thumbnailUrl\":\"https:\/\/vilmalight.lt\/wp-content\/uploads\/2020\/11\/baime.png\",\"articleSection\":[\"NESUSTOK TOBUL\u0116TI\"],\"inLanguage\":\"en-US\"},{\"@type\":\"WebPage\",\"@id\":\"https:\/\/vilmalight.lt\/baime-ir-prielipos\/\",\"url\":\"https:\/\/vilmalight.lt\/baime-ir-prielipos\/\",\"name\":\"Baim\u0117 \u2013 ne tik \u0161e\u0161\u0117lis, bet ir motyvacija - Vilmalight\",\"isPartOf\":{\"@id\":\"https:\/\/vilmalight.lt\/#website\"},\"primaryImageOfPage\":{\"@id\":\"https:\/\/vilmalight.lt\/baime-ir-prielipos\/#primaryimage\"},\"image\":{\"@id\":\"https:\/\/vilmalight.lt\/baime-ir-prielipos\/#primaryimage\"},\"thumbnailUrl\":\"https:\/\/vilmalight.lt\/wp-content\/uploads\/2020\/11\/baime.png\",\"datePublished\":\"2020-11-20T09:30:49+00:00\",\"dateModified\":\"2025-03-09T16:22:56+00:00\",\"author\":{\"@id\":\"https:\/\/vilmalight.lt\/#\/schema\/person\/a335e4c8fdcc641b6bf29b8a9d0eab58\"},\"breadcrumb\":{\"@id\":\"https:\/\/vilmalight.lt\/baime-ir-prielipos\/#breadcrumb\"},\"inLanguage\":\"en-US\",\"potentialAction\":[{\"@type\":\"ReadAction\",\"target\":[\"https:\/\/vilmalight.lt\/baime-ir-prielipos\/\"]}]},{\"@type\":\"ImageObject\",\"inLanguage\":\"en-US\",\"@id\":\"https:\/\/vilmalight.lt\/baime-ir-prielipos\/#primaryimage\",\"url\":\"https:\/\/vilmalight.lt\/wp-content\/uploads\/2020\/11\/baime.png\",\"contentUrl\":\"https:\/\/vilmalight.lt\/wp-content\/uploads\/2020\/11\/baime.png\",\"width\":826,\"height\":1116},{\"@type\":\"BreadcrumbList\",\"@id\":\"https:\/\/vilmalight.lt\/baime-ir-prielipos\/#breadcrumb\",\"itemListElement\":[{\"@type\":\"ListItem\",\"position\":1,\"name\":\"Home\",\"item\":\"https:\/\/vilmalight.lt\/\"},{\"@type\":\"ListItem\",\"position\":2,\"name\":\"Baim\u0117 \u2013 ne tik \u0161e\u0161\u0117lis, bet ir motyvacija\"}]},{\"@type\":\"WebSite\",\"@id\":\"https:\/\/vilmalight.lt\/#website\",\"url\":\"https:\/\/vilmalight.lt\/\",\"name\":\"Vilma LIGHT\",\"description\":\"\",\"potentialAction\":[{\"@type\":\"SearchAction\",\"target\":{\"@type\":\"EntryPoint\",\"urlTemplate\":\"https:\/\/vilmalight.lt\/?s={search_term_string}\"},\"query-input\":{\"@type\":\"PropertyValueSpecification\",\"valueRequired\":true,\"valueName\":\"search_term_string\"}}],\"inLanguage\":\"en-US\"},{\"@type\":\"Person\",\"@id\":\"https:\/\/vilmalight.lt\/#\/schema\/person\/a335e4c8fdcc641b6bf29b8a9d0eab58\",\"name\":\"vilma.zmakova\",\"image\":{\"@type\":\"ImageObject\",\"inLanguage\":\"en-US\",\"@id\":\"https:\/\/vilmalight.lt\/#\/schema\/person\/image\/\",\"url\":\"https:\/\/secure.gravatar.com\/avatar\/26fd9bc08e012fe31ea0399b4af4d656355d913348ebde632d96e1b467e4c2de?s=96&d=mm&r=g\",\"contentUrl\":\"https:\/\/secure.gravatar.com\/avatar\/26fd9bc08e012fe31ea0399b4af4d656355d913348ebde632d96e1b467e4c2de?s=96&d=mm&r=g\",\"caption\":\"vilma.zmakova\"},\"sameAs\":[\"https:\/\/vilmalight.lt\"],\"url\":\"https:\/\/vilmalight.lt\/en\/author\/vilma-zmakova\/\"}]}<\/script>\n<!-- \/ Yoast SEO plugin. -->","yoast_head_json":{"title":"Baim\u0117 \u2013 ne tik \u0161e\u0161\u0117lis, bet ir motyvacija - Vilmalight","robots":{"index":"index","follow":"follow","max-snippet":"max-snippet:-1","max-image-preview":"max-image-preview:large","max-video-preview":"max-video-preview:-1"},"canonical":"https:\/\/vilmalight.lt\/en\/baime-ir-prielipos\/","og_locale":"en_US","og_type":"article","og_title":"Baim\u0117 \u2013 ne tik \u0161e\u0161\u0117lis, bet ir motyvacija - Vilmalight","og_description":"Ar kada susim\u0105st\u0117te, kod\u0117l bijome? Baim\u0117 da\u017enai laikoma negatyviu jausmu, ta\u010diau i\u0161 ties\u0173 ji yra viena esmini\u0173 \u017emogaus progreso varom\u0173j\u0173 j\u0117g\u0173.","og_url":"https:\/\/vilmalight.lt\/en\/baime-ir-prielipos\/","og_site_name":"Vilmalight","article_published_time":"2020-11-20T09:30:49+00:00","article_modified_time":"2025-03-09T16:22:56+00:00","og_image":[{"width":826,"height":1116,"url":"https:\/\/vilmalight.lt\/wp-content\/uploads\/2020\/11\/baime.png","type":"image\/png"}],"author":"vilma.zmakova","twitter_card":"summary_large_image","twitter_misc":{"Written by":"vilma.zmakova","Est. reading time":"2 minutes"},"schema":{"@context":"https:\/\/schema.org","@graph":[{"@type":"Article","@id":"https:\/\/vilmalight.lt\/baime-ir-prielipos\/#article","isPartOf":{"@id":"https:\/\/vilmalight.lt\/baime-ir-prielipos\/"},"author":{"name":"vilma.zmakova","@id":"https:\/\/vilmalight.lt\/#\/schema\/person\/a335e4c8fdcc641b6bf29b8a9d0eab58"},"headline":"Baim\u0117 \u2013 ne tik \u0161e\u0161\u0117lis, bet ir motyvacija","datePublished":"2020-11-20T09:30:49+00:00","dateModified":"2025-03-09T16:22:56+00:00","mainEntityOfPage":{"@id":"https:\/\/vilmalight.lt\/baime-ir-prielipos\/"},"wordCount":390,"image":{"@id":"https:\/\/vilmalight.lt\/baime-ir-prielipos\/#primaryimage"},"thumbnailUrl":"https:\/\/vilmalight.lt\/wp-content\/uploads\/2020\/11\/baime.png","articleSection":["NESUSTOK TOBUL\u0116TI"],"inLanguage":"en-US"},{"@type":"WebPage","@id":"https:\/\/vilmalight.lt\/baime-ir-prielipos\/","url":"https:\/\/vilmalight.lt\/baime-ir-prielipos\/","name":"Baim\u0117 \u2013 ne tik \u0161e\u0161\u0117lis, bet ir motyvacija - Vilmalight","isPartOf":{"@id":"https:\/\/vilmalight.lt\/#website"},"primaryImageOfPage":{"@id":"https:\/\/vilmalight.lt\/baime-ir-prielipos\/#primaryimage"},"image":{"@id":"https:\/\/vilmalight.lt\/baime-ir-prielipos\/#primaryimage"},"thumbnailUrl":"https:\/\/vilmalight.lt\/wp-content\/uploads\/2020\/11\/baime.png","datePublished":"2020-11-20T09:30:49+00:00","dateModified":"2025-03-09T16:22:56+00:00","author":{"@id":"https:\/\/vilmalight.lt\/#\/schema\/person\/a335e4c8fdcc641b6bf29b8a9d0eab58"},"breadcrumb":{"@id":"https:\/\/vilmalight.lt\/baime-ir-prielipos\/#breadcrumb"},"inLanguage":"en-US","potentialAction":[{"@type":"ReadAction","target":["https:\/\/vilmalight.lt\/baime-ir-prielipos\/"]}]},{"@type":"ImageObject","inLanguage":"en-US","@id":"https:\/\/vilmalight.lt\/baime-ir-prielipos\/#primaryimage","url":"https:\/\/vilmalight.lt\/wp-content\/uploads\/2020\/11\/baime.png","contentUrl":"https:\/\/vilmalight.lt\/wp-content\/uploads\/2020\/11\/baime.png","width":826,"height":1116},{"@type":"BreadcrumbList","@id":"https:\/\/vilmalight.lt\/baime-ir-prielipos\/#breadcrumb","itemListElement":[{"@type":"ListItem","position":1,"name":"Home","item":"https:\/\/vilmalight.lt\/"},{"@type":"ListItem","position":2,"name":"Baim\u0117 \u2013 ne tik \u0161e\u0161\u0117lis, bet ir motyvacija"}]},{"@type":"WebSite","@id":"https:\/\/vilmalight.lt\/#website","url":"https:\/\/vilmalight.lt\/","name":"Vilma LIGHT","description":"","potentialAction":[{"@type":"SearchAction","target":{"@type":"EntryPoint","urlTemplate":"https:\/\/vilmalight.lt\/?s={search_term_string}"},"query-input":{"@type":"PropertyValueSpecification","valueRequired":true,"valueName":"search_term_string"}}],"inLanguage":"en-US"},{"@type":"Person","@id":"https:\/\/vilmalight.lt\/#\/schema\/person\/a335e4c8fdcc641b6bf29b8a9d0eab58","name":"vilma.zmakova","image":{"@type":"ImageObject","inLanguage":"en-US","@id":"https:\/\/vilmalight.lt\/#\/schema\/person\/image\/","url":"https:\/\/secure.gravatar.com\/avatar\/26fd9bc08e012fe31ea0399b4af4d656355d913348ebde632d96e1b467e4c2de?s=96&d=mm&r=g","contentUrl":"https:\/\/secure.gravatar.com\/avatar\/26fd9bc08e012fe31ea0399b4af4d656355d913348ebde632d96e1b467e4c2de?s=96&d=mm&r=g","caption":"vilma.zmakova"},"sameAs":["https:\/\/vilmalight.lt"],"url":"https:\/\/vilmalight.lt\/en\/author\/vilma-zmakova\/"}]}},"_links":{"self":[{"href":"https:\/\/vilmalight.lt\/en\/wp-json\/wp\/v2\/posts\/228","targetHints":{"allow":["GET"]}}],"collection":[{"href":"https:\/\/vilmalight.lt\/en\/wp-json\/wp\/v2\/posts"}],"about":[{"href":"https:\/\/vilmalight.lt\/en\/wp-json\/wp\/v2\/types\/post"}],"author":[{"embeddable":true,"href":"https:\/\/vilmalight.lt\/en\/wp-json\/wp\/v2\/users\/1"}],"replies":[{"embeddable":true,"href":"https:\/\/vilmalight.lt\/en\/wp-json\/wp\/v2\/comments?post=228"}],"version-history":[{"count":27,"href":"https:\/\/vilmalight.lt\/en\/wp-json\/wp\/v2\/posts\/228\/revisions"}],"predecessor-version":[{"id":2679,"href":"https:\/\/vilmalight.lt\/en\/wp-json\/wp\/v2\/posts\/228\/revisions\/2679"}],"wp:featuredmedia":[{"embeddable":true,"href":"https:\/\/vilmalight.lt\/en\/wp-json\/wp\/v2\/media\/1402"}],"wp:attachment":[{"href":"https:\/\/vilmalight.lt\/en\/wp-json\/wp\/v2\/media?parent=228"}],"wp:term":[{"taxonomy":"category","embeddable":true,"href":"https:\/\/vilmalight.lt\/en\/wp-json\/wp\/v2\/categories?post=228"},{"taxonomy":"post_tag","embeddable":true,"href":"https:\/\/vilmalight.lt\/en\/wp-json\/wp\/v2\/tags?post=228"}],"curies":[{"name":"wp","href":"https:\/\/api.w.org\/{rel}","templated":true}]}}